{"id":3601,"date":"2017-02-18T16:08:24","date_gmt":"2017-02-18T16:08:24","guid":{"rendered":"http:\/\/www.lettropolis.fr\/Blog\/?p=3601"},"modified":"2017-02-18T16:10:26","modified_gmt":"2017-02-18T16:10:26","slug":"le-silence","status":"publish","type":"post","link":"http:\/\/www.lettropolis.fr\/Blog\/2017\/02\/18\/le-silence\/","title":{"rendered":"LE SILENCE DES ENFANTS DU SILENCE"},"content":{"rendered":"<div id=\"attachment_3602\" style=\"width: 815px\" class=\"wp-caption aligncenter\"><img loading=\"lazy\" decoding=\"async\" aria-describedby=\"caption-attachment-3602\" class=\"wp-image-3602 size-full\" src=\"http:\/\/www.lettropolis.fr\/Blog\/wp-content\/uploads\/2017\/02\/LES-ENFANTS-DU-SILENCE-2.jpg\" alt=\"FRAN\u00c7OISE GILLARD DANS LES ENFANTS DU SILENCE\" width=\"805\" height=\"453\" srcset=\"http:\/\/www.lettropolis.fr\/Blog\/wp-content\/uploads\/2017\/02\/LES-ENFANTS-DU-SILENCE-2.jpg 805w, http:\/\/www.lettropolis.fr\/Blog\/wp-content\/uploads\/2017\/02\/LES-ENFANTS-DU-SILENCE-2-300x169.jpg 300w, http:\/\/www.lettropolis.fr\/Blog\/wp-content\/uploads\/2017\/02\/LES-ENFANTS-DU-SILENCE-2-768x432.jpg 768w, http:\/\/www.lettropolis.fr\/Blog\/wp-content\/uploads\/2017\/02\/LES-ENFANTS-DU-SILENCE-2-600x338.jpg 600w\" sizes=\"auto, (max-width: 805px) 100vw, 805px\" \/><p id=\"caption-attachment-3602\" class=\"wp-caption-text\">FRAN\u00c7OISE GILLARD DANS LES ENFANTS DU SILENCE<\/p><\/div>\n<p>&nbsp;<\/p>\n<h2><span class=\"irc_su\" dir=\"ltr\">ENFIN ? VIVRE PAR LE SILENCE<br \/>\n<\/span><\/h2>\n<p style=\"text-align: justify;\">Revenons \u00e0 Sarah, \u00e0 son programme enfin r\u00e9v\u00e9l\u00e9 dans <em>Les Enfants du silence<\/em>.<\/p>\n<p style=\"text-align: justify;\">N\u2019oublions pas\u00a0: Elle clame (signe) \u00ab\u00a0haut et fort\u00a0\u00bb la recherche de son moi profond, de sa singularit\u00e9 par l\u2019ad\u00e9quation totale de son \u00eatre avec les contraintes et les ouvertures de la langue des signes, par ce qu\u2019elle mobilise de ressources insoup\u00e7onn\u00e9es de la relation corps-esprit.<\/p>\n<p style=\"text-align: justify;\">Il s\u2019agit simplement de programmation neuro-linguistique nous r\u00e9pondra-t-on avec juste raison. Le langage des signes en est une variante d\u00e9velopp\u00e9e pour des raisons \u00e9videntes de pratique. D\u2019ailleurs, de fa\u00e7on plus g\u00e9n\u00e9rale, le langage du corps existe dans toutes les soci\u00e9t\u00e9s, adapt\u00e9 \u00e0 tous les usages, et parfaitement compr\u00e9hensible \u00e0 tout goupe l\u2019acceptant, sinon \u00e0 tous. Tant de codes sociaux l\u2019utilisent comme Monsieur Jourdain faisait de la prose.<\/p>\n<h2 style=\"text-align: justify;\">HURLER LE SILENCE<\/h2>\n<p style=\"text-align: justify;\">Sauf que, Sarah a port\u00e9 le discours plus haut et plus riche. Elle veut transcender la technique. Ici, la passion est \u00e0 l\u2019\u0153uvre, mobilis\u00e9e par son histoire, et aussi par des moteurs inconnus.<\/p>\n<p style=\"text-align: justify;\">Ainsi lui serait offerte la d\u00e9couverte d\u2019un \u00e9tat fusionnel intime inaccessible \u00e0 elle-m\u00eame, si elle n\u2019\u00e9tait atteinte de surdit\u00e9. Elle atteindrait un niveau inaccessible aux \u00ab\u00a0entendants\u00a0\u00bb. Poursuit-elle la qu\u00eate d\u2019un corps terrestre si \u00e9th\u00e9r\u00e9 qu\u2019il en deviendrait presque astral\u00a0? Peut-\u00eatre pas, mais, \u00e0 leur fa\u00e7on, les derviches tourneurs et Sarah empruntent des chemins semblables. Sauf que, pour ces derniers, la transe prend fin avec l\u2019\u00e9puisement, ce qui entra\u00eene leur retour au monde. Mais pour une Sarah vou\u00e9e \u00e0 la surdit\u00e9 d\u00e9finitive, les ponts sont coup\u00e9s. Et, port\u00e9e par une force si pr\u00e9gnante, Sarah est-elle encore de notre monde\u00a0?<\/p>\n<p style=\"text-align: justify;\">Imaginons qu\u2019elle atteigne son but, qu\u2019elle mobilise sa volont\u00e9 de puissance jusqu\u2019\u00e0 int\u00e9grer cet \u00e9tat nietzsch\u00e9en de \u00ab\u00a0sursourde\u00a0\u00bb. Que deviendrait-elle dans une soci\u00e9t\u00e9 incapable de la suivre, de la comprendre, et donc parfaitement capable de lui offrir la chute tarp\u00e9ienne apr\u00e8s quelque triomphe momentan\u00e9\u00a0?<\/p>\n<p style=\"text-align: justify;\">\u00c0 sa fa\u00e7on, Sarah rejoint la cohorte des amput\u00e9s divers, volontaires ou non, qui explorent des voies de substitution pour se mettre en lumi\u00e8re dans le sens de la vie. En fait, men\u00e9e par sa passion exigeante, Sarah veut d\u00e9passer le seul aspect pratique de cette langue des signes. Veut-elle communiquer avec d\u2019autres sourds\u00a0? Rien n\u2019est moins s\u00fbr. Elle veut se communiquer son moi cach\u00e9. Nous pouvons poser qu\u2019elle emprunte, \u00e0 corps perdu, le chemin de l\u2019asocialit\u00e9. La brisure de son mariage en est la preuve, et son acceptation apparente du conflit men\u00e9 par Denis n\u2019est en rien la preuve du contraire, sinon un d\u00e9clic.<\/p>\n<h2 style=\"text-align: justify;\">UN SILENCE POUR CHACUN, OU UN SILENCE POUR TOUS ?<\/h2>\n<p style=\"text-align: justify;\">Sarah est-elle unique\u00a0? Absolument pas. Seule son intransigeance enfin r\u00e9v\u00e9l\u00e9e la fait appartenir \u00e0 un petit groupe. Des illumin\u00e9s\u00a0? Oui, mais dans quelle acception prendre ce terme\u00a0?<\/p>\n<p style=\"text-align: justify;\">Sarah triche-t-elle\u00a0? Oui, serait ma r\u00e9ponse, tout en la pr\u00e9cisant\u00a0: qui sait jamais s\u2019il triche\u00a0? Qui conna\u00eet les moteurs profonds qui grondent en lui et qui l\u2019entra\u00eenent sur des chemins de qu\u00eate extr\u00eame dont la r\u00e9alisation peut conduire \u00e0 une apparente perdition\u00a0?<\/p>\n<p style=\"text-align: justify;\">Mais d\u2019un autre c\u00f4t\u00e9, plus physiologique, Sarah est incompl\u00e8tement sourde. Elle per\u00e7oit les vibrations de la musique sur laquelle elle danse (virevolte, serait plus juste). Le monde sonore ne lui est pas compl\u00e9tement \u00e9tranger, \u00e0 condition qu\u2019il soit suffisamment riche en d\u00e9cibels et en fr\u00e9quences graves (pour la perception osseuse). Donc, elle pourrait aussi s\u2019exprimer par une chor\u00e9graphie adapt\u00e9e, par des postures de mime, plus facilement accessibles aux \u00ab\u00a0entendants\u00a0\u00bb non familiers de la langue des signes, et tous aussi coh\u00e9rents avec une recherche personnelle des profondeurs. Comme ce n\u2019est pas le th\u00e8me de son discours revendicateur, nous sommes oblig\u00e9s de comprendre qu\u2019elle nous met tous en situation de blocage, avec les risques qui en d\u00e9coulent.<\/p>\n<p style=\"text-align: justify;\">Comment, en effet, faire partager une \u00e9motion, une crainte devant un danger imminent, un conseil pratique, une consigne de sauvegarde \u00e0 un groupe \u00ab\u00a0d\u2019entendants\u00a0\u00bb par le langage des signes, si \u00e9volu\u00e9 soit-il\u00a0? Il n\u2019y a pas de solution accessible, sinon par des gestes standardis\u00e9s aussi simples que possible. Ou alors, faudrait-il que chaque citoyen accepte ce second langage, qui, si riche soit-il, ne r\u00e9siste pas \u00e0 quelques minutes d\u2019obscurit\u00e9.<\/p>\n<p style=\"text-align: justify;\">En fait, malgr\u00e9 tous ses efforts d\u2019enrichissement personnel, ou plut\u00f4t, \u00e0 cause de ses m\u00eames efforts, Sarah se coupe in\u00e9luctablement du monde, y compris de celui de Denis et de ses revendications qui ne sont que techniques et exacerb\u00e9es par un prurit soci\u00e9tal \u00e0 la mode.<\/p>\n<h2 style=\"text-align: justify;\">NOS CHOIX DE SILENCE<\/h2>\n<p style=\"text-align: justify;\">Nous en revenons \u00e0 l\u2019une des grandes le\u00e7ons de la vie\u00a0: tout choix est un renoncement ou une mort partielle. Chacun de nos pas modifie notre chemin, sans que nous ne sachions jamais s\u2019il fut mauvais ou non. Et plus fondamental est le domaine sur lequel porte ce choix, plus les cons\u00e9quences nous atteindront. Reste \u00e0 agir au mieux possible, sans jamais nous perdre dans les certitudes.<\/p>\n<p style=\"text-align: justify;\">Sarah est exalt\u00e9e. Est-elle \u00ab\u00a0une exalt\u00e9e\u00a0\u00bb, ce qui en modifie le sens profond\u00a0? Nous ne le saurons jamais. Est-elle illumin\u00e9e par quelque source de lumi\u00e8re transcendante, ou n\u2019est-elle \u00ab\u00a0qu\u2019une illumin\u00e9e\u00a0\u00bb\u00a0? Ici non plus, pas de r\u00e9ponse possible. Seul l\u2019avenir le dira.<\/p>\n<p style=\"text-align: justify;\">Mais dans ce r\u00f4le, Fran\u00e7oise Gillard est radieuse, et cela se voit.<\/p>\n","protected":false},"excerpt":{"rendered":"<p>&nbsp; ENFIN ? VIVRE PAR LE SILENCE Revenons \u00e0 Sarah, \u00e0 son programme enfin r\u00e9v\u00e9l\u00e9 dans Les Enfants du silence. N\u2019oublions pas\u00a0: Elle clame (signe) \u00ab\u00a0haut et fort\u00a0\u00bb la recherche de son moi profond, de sa singularit\u00e9 par l\u2019ad\u00e9quation totale &hellip; <a class=\"more-link\" href=\"http:\/\/www.lettropolis.fr\/Blog\/2017\/02\/18\/le-silence\/\">Suite <span class=\"meta-nav\">&rarr;<\/span><\/a><\/p>\n","protected":false},"author":2,"featured_media":0,"comment_status":"open","ping_status":"open","sticky":false,"template":"","format":"standard","meta":{"_s2mail":"yes","_jetpack_memberships_contains_paid_content":false,"footnotes":""},"categories":[23,30],"tags":[],"class_list":["post-3601","post","type-post","status-publish","format-standard","hentry","category-r2","category-r21"],"yoast_head":"<!-- This site is optimized with the Yoast SEO plugin v26.6 - https:\/\/yoast.com\/wordpress\/plugins\/seo\/ -->\n<title>LES ENFANTS DU SILENCE (2)<\/title>\n<meta name=\"description\" content=\"Avec Fran\u00e7oise GIllard, une exploration du monde du silence, en nos ab\u00eemes et nos r\u00e9surgences. Une vie asociale ? ou la vraie vie ?\" \/>\n<meta name=\"robots\" content=\"index, follow, max-snippet:-1, max-image-preview:large, max-video-preview:-1\" \/>\n<link rel=\"canonical\" href=\"http:\/\/www.lettropolis.fr\/Blog\/2017\/02\/18\/le-silence\/\" \/>\n<meta property=\"og:locale\" content=\"fr_FR\" \/>\n<meta property=\"og:type\" content=\"article\" \/>\n<meta property=\"og:title\" content=\"LES ENFANTS DU SILENCE (2)\" \/>\n<meta property=\"og:description\" content=\"Avec Fran\u00e7oise GIllard, une exploration du monde du silence, en nos ab\u00eemes et nos r\u00e9surgences. Une vie asociale ? ou la vraie vie ?\" \/>\n<meta property=\"og:url\" content=\"http:\/\/www.lettropolis.fr\/Blog\/2017\/02\/18\/le-silence\/\" \/>\n<meta property=\"og:site_name\" content=\"Lettropolis\" \/>\n<meta property=\"article:published_time\" content=\"2017-02-18T16:08:24+00:00\" \/>\n<meta property=\"article:modified_time\" content=\"2017-02-18T16:10:26+00:00\" \/>\n<meta property=\"og:image\" content=\"http:\/\/www.lettropolis.fr\/Blog\/wp-content\/uploads\/2017\/02\/LES-ENFANTS-DU-SILENCE-2.jpg\" \/>\n<meta name=\"author\" content=\"PF GHISONI\" \/>\n<meta name=\"twitter:label1\" content=\"\u00c9crit par\" \/>\n\t<meta name=\"twitter:data1\" content=\"PF GHISONI\" \/>\n\t<meta name=\"twitter:label2\" content=\"Dur\u00e9e de lecture estim\u00e9e\" \/>\n\t<meta name=\"twitter:data2\" content=\"5 minutes\" \/>\n<script type=\"application\/ld+json\" class=\"yoast-schema-graph\">{\"@context\":\"https:\/\/schema.org\",\"@graph\":[{\"@type\":\"WebPage\",\"@id\":\"http:\/\/www.lettropolis.fr\/Blog\/2017\/02\/18\/le-silence\/\",\"url\":\"http:\/\/www.lettropolis.fr\/Blog\/2017\/02\/18\/le-silence\/\",\"name\":\"LES ENFANTS DU SILENCE (2)\",\"isPartOf\":{\"@id\":\"https:\/\/www.lettropolis.fr\/Blog\/#website\"},\"primaryImageOfPage\":{\"@id\":\"http:\/\/www.lettropolis.fr\/Blog\/2017\/02\/18\/le-silence\/#primaryimage\"},\"image\":{\"@id\":\"http:\/\/www.lettropolis.fr\/Blog\/2017\/02\/18\/le-silence\/#primaryimage\"},\"thumbnailUrl\":\"http:\/\/www.lettropolis.fr\/Blog\/wp-content\/uploads\/2017\/02\/LES-ENFANTS-DU-SILENCE-2.jpg\",\"datePublished\":\"2017-02-18T16:08:24+00:00\",\"dateModified\":\"2017-02-18T16:10:26+00:00\",\"author\":{\"@id\":\"https:\/\/www.lettropolis.fr\/Blog\/#\/schema\/person\/c435c1f06cff91488ebfe1b3c01b6d5c\"},\"description\":\"Avec Fran\u00e7oise GIllard, une exploration du monde du silence, en nos ab\u00eemes et nos r\u00e9surgences. Une vie asociale ? ou la vraie vie ?\",\"breadcrumb\":{\"@id\":\"http:\/\/www.lettropolis.fr\/Blog\/2017\/02\/18\/le-silence\/#breadcrumb\"},\"inLanguage\":\"fr-FR\",\"potentialAction\":[{\"@type\":\"ReadAction\",\"target\":[\"http:\/\/www.lettropolis.fr\/Blog\/2017\/02\/18\/le-silence\/\"]}]},{\"@type\":\"ImageObject\",\"inLanguage\":\"fr-FR\",\"@id\":\"http:\/\/www.lettropolis.fr\/Blog\/2017\/02\/18\/le-silence\/#primaryimage\",\"url\":\"http:\/\/www.lettropolis.fr\/Blog\/wp-content\/uploads\/2017\/02\/LES-ENFANTS-DU-SILENCE-2.jpg\",\"contentUrl\":\"http:\/\/www.lettropolis.fr\/Blog\/wp-content\/uploads\/2017\/02\/LES-ENFANTS-DU-SILENCE-2.jpg\",\"width\":805,\"height\":453,\"caption\":\"FRAN\u00c7OISE GILLARD DANS LES ENFANTS DU SILENCE\"},{\"@type\":\"BreadcrumbList\",\"@id\":\"http:\/\/www.lettropolis.fr\/Blog\/2017\/02\/18\/le-silence\/#breadcrumb\",\"itemListElement\":[{\"@type\":\"ListItem\",\"position\":1,\"name\":\"Accueil\",\"item\":\"https:\/\/www.lettropolis.fr\/Blog\/\"},{\"@type\":\"ListItem\",\"position\":2,\"name\":\"LE SILENCE DES ENFANTS DU SILENCE\"}]},{\"@type\":\"WebSite\",\"@id\":\"https:\/\/www.lettropolis.fr\/Blog\/#website\",\"url\":\"https:\/\/www.lettropolis.fr\/Blog\/\",\"name\":\"Lettropolis\",\"description\":\"La promotion globale de l&#039;internet litt\u00e9raire\",\"potentialAction\":[{\"@type\":\"SearchAction\",\"target\":{\"@type\":\"EntryPoint\",\"urlTemplate\":\"https:\/\/www.lettropolis.fr\/Blog\/?s={search_term_string}\"},\"query-input\":{\"@type\":\"PropertyValueSpecification\",\"valueRequired\":true,\"valueName\":\"search_term_string\"}}],\"inLanguage\":\"fr-FR\"},{\"@type\":\"Person\",\"@id\":\"https:\/\/www.lettropolis.fr\/Blog\/#\/schema\/person\/c435c1f06cff91488ebfe1b3c01b6d5c\",\"name\":\"PF GHISONI\",\"image\":{\"@type\":\"ImageObject\",\"inLanguage\":\"fr-FR\",\"@id\":\"https:\/\/www.lettropolis.fr\/Blog\/#\/schema\/person\/image\/\",\"url\":\"https:\/\/secure.gravatar.com\/avatar\/abf62349e0235351f25dc24b59f7804e25dd3d03ec57233ca3b7c2c0040da680?s=96&d=mm&r=g\",\"contentUrl\":\"https:\/\/secure.gravatar.com\/avatar\/abf62349e0235351f25dc24b59f7804e25dd3d03ec57233ca3b7c2c0040da680?s=96&d=mm&r=g\",\"caption\":\"PF GHISONI\"},\"sameAs\":[\"http:\/\/www.lettropolis.fr\"],\"url\":\"http:\/\/www.lettropolis.fr\/Blog\/author\/pf-ghisoni\/\"}]}<\/script>\n<!-- \/ Yoast SEO plugin. -->","yoast_head_json":{"title":"LES ENFANTS DU SILENCE (2)","description":"Avec Fran\u00e7oise GIllard, une exploration du monde du silence, en nos ab\u00eemes et nos r\u00e9surgences. Une vie asociale ? ou la vraie vie ?","robots":{"index":"index","follow":"follow","max-snippet":"max-snippet:-1","max-image-preview":"max-image-preview:large","max-video-preview":"max-video-preview:-1"},"canonical":"http:\/\/www.lettropolis.fr\/Blog\/2017\/02\/18\/le-silence\/","og_locale":"fr_FR","og_type":"article","og_title":"LES ENFANTS DU SILENCE (2)","og_description":"Avec Fran\u00e7oise GIllard, une exploration du monde du silence, en nos ab\u00eemes et nos r\u00e9surgences. Une vie asociale ? ou la vraie vie ?","og_url":"http:\/\/www.lettropolis.fr\/Blog\/2017\/02\/18\/le-silence\/","og_site_name":"Lettropolis","article_published_time":"2017-02-18T16:08:24+00:00","article_modified_time":"2017-02-18T16:10:26+00:00","og_image":[{"url":"http:\/\/www.lettropolis.fr\/Blog\/wp-content\/uploads\/2017\/02\/LES-ENFANTS-DU-SILENCE-2.jpg","type":"","width":"","height":""}],"author":"PF GHISONI","twitter_misc":{"\u00c9crit par":"PF GHISONI","Dur\u00e9e de lecture estim\u00e9e":"5 minutes"},"schema":{"@context":"https:\/\/schema.org","@graph":[{"@type":"WebPage","@id":"http:\/\/www.lettropolis.fr\/Blog\/2017\/02\/18\/le-silence\/","url":"http:\/\/www.lettropolis.fr\/Blog\/2017\/02\/18\/le-silence\/","name":"LES ENFANTS DU SILENCE (2)","isPartOf":{"@id":"https:\/\/www.lettropolis.fr\/Blog\/#website"},"primaryImageOfPage":{"@id":"http:\/\/www.lettropolis.fr\/Blog\/2017\/02\/18\/le-silence\/#primaryimage"},"image":{"@id":"http:\/\/www.lettropolis.fr\/Blog\/2017\/02\/18\/le-silence\/#primaryimage"},"thumbnailUrl":"http:\/\/www.lettropolis.fr\/Blog\/wp-content\/uploads\/2017\/02\/LES-ENFANTS-DU-SILENCE-2.jpg","datePublished":"2017-02-18T16:08:24+00:00","dateModified":"2017-02-18T16:10:26+00:00","author":{"@id":"https:\/\/www.lettropolis.fr\/Blog\/#\/schema\/person\/c435c1f06cff91488ebfe1b3c01b6d5c"},"description":"Avec Fran\u00e7oise GIllard, une exploration du monde du silence, en nos ab\u00eemes et nos r\u00e9surgences. Une vie asociale ? ou la vraie vie ?","breadcrumb":{"@id":"http:\/\/www.lettropolis.fr\/Blog\/2017\/02\/18\/le-silence\/#breadcrumb"},"inLanguage":"fr-FR","potentialAction":[{"@type":"ReadAction","target":["http:\/\/www.lettropolis.fr\/Blog\/2017\/02\/18\/le-silence\/"]}]},{"@type":"ImageObject","inLanguage":"fr-FR","@id":"http:\/\/www.lettropolis.fr\/Blog\/2017\/02\/18\/le-silence\/#primaryimage","url":"http:\/\/www.lettropolis.fr\/Blog\/wp-content\/uploads\/2017\/02\/LES-ENFANTS-DU-SILENCE-2.jpg","contentUrl":"http:\/\/www.lettropolis.fr\/Blog\/wp-content\/uploads\/2017\/02\/LES-ENFANTS-DU-SILENCE-2.jpg","width":805,"height":453,"caption":"FRAN\u00c7OISE GILLARD DANS LES ENFANTS DU SILENCE"},{"@type":"BreadcrumbList","@id":"http:\/\/www.lettropolis.fr\/Blog\/2017\/02\/18\/le-silence\/#breadcrumb","itemListElement":[{"@type":"ListItem","position":1,"name":"Accueil","item":"https:\/\/www.lettropolis.fr\/Blog\/"},{"@type":"ListItem","position":2,"name":"LE SILENCE DES ENFANTS DU SILENCE"}]},{"@type":"WebSite","@id":"https:\/\/www.lettropolis.fr\/Blog\/#website","url":"https:\/\/www.lettropolis.fr\/Blog\/","name":"Lettropolis","description":"La promotion globale de l&#039;internet litt\u00e9raire","potentialAction":[{"@type":"SearchAction","target":{"@type":"EntryPoint","urlTemplate":"https:\/\/www.lettropolis.fr\/Blog\/?s={search_term_string}"},"query-input":{"@type":"PropertyValueSpecification","valueRequired":true,"valueName":"search_term_string"}}],"inLanguage":"fr-FR"},{"@type":"Person","@id":"https:\/\/www.lettropolis.fr\/Blog\/#\/schema\/person\/c435c1f06cff91488ebfe1b3c01b6d5c","name":"PF GHISONI","image":{"@type":"ImageObject","inLanguage":"fr-FR","@id":"https:\/\/www.lettropolis.fr\/Blog\/#\/schema\/person\/image\/","url":"https:\/\/secure.gravatar.com\/avatar\/abf62349e0235351f25dc24b59f7804e25dd3d03ec57233ca3b7c2c0040da680?s=96&d=mm&r=g","contentUrl":"https:\/\/secure.gravatar.com\/avatar\/abf62349e0235351f25dc24b59f7804e25dd3d03ec57233ca3b7c2c0040da680?s=96&d=mm&r=g","caption":"PF GHISONI"},"sameAs":["http:\/\/www.lettropolis.fr"],"url":"http:\/\/www.lettropolis.fr\/Blog\/author\/pf-ghisoni\/"}]}},"jetpack_featured_media_url":"","jetpack_sharing_enabled":true,"_links":{"self":[{"href":"http:\/\/www.lettropolis.fr\/Blog\/wp-json\/wp\/v2\/posts\/3601","targetHints":{"allow":["GET"]}}],"collection":[{"href":"http:\/\/www.lettropolis.fr\/Blog\/wp-json\/wp\/v2\/posts"}],"about":[{"href":"http:\/\/www.lettropolis.fr\/Blog\/wp-json\/wp\/v2\/types\/post"}],"author":[{"embeddable":true,"href":"http:\/\/www.lettropolis.fr\/Blog\/wp-json\/wp\/v2\/users\/2"}],"replies":[{"embeddable":true,"href":"http:\/\/www.lettropolis.fr\/Blog\/wp-json\/wp\/v2\/comments?post=3601"}],"version-history":[{"count":3,"href":"http:\/\/www.lettropolis.fr\/Blog\/wp-json\/wp\/v2\/posts\/3601\/revisions"}],"predecessor-version":[{"id":3605,"href":"http:\/\/www.lettropolis.fr\/Blog\/wp-json\/wp\/v2\/posts\/3601\/revisions\/3605"}],"wp:attachment":[{"href":"http:\/\/www.lettropolis.fr\/Blog\/wp-json\/wp\/v2\/media?parent=3601"}],"wp:term":[{"taxonomy":"category","embeddable":true,"href":"http:\/\/www.lettropolis.fr\/Blog\/wp-json\/wp\/v2\/categories?post=3601"},{"taxonomy":"post_tag","embeddable":true,"href":"http:\/\/www.lettropolis.fr\/Blog\/wp-json\/wp\/v2\/tags?post=3601"}],"curies":[{"name":"wp","href":"https:\/\/api.w.org\/{rel}","templated":true}]}}