{"id":3208,"date":"2014-12-06T10:53:54","date_gmt":"2014-12-06T10:53:54","guid":{"rendered":"http:\/\/www.lettropolis.fr\/Blog\/?p=3208"},"modified":"2014-12-06T10:53:54","modified_gmt":"2014-12-06T10:53:54","slug":"seisme-dans-le-champ-sonore-3-memoire-selective","status":"publish","type":"post","link":"http:\/\/www.lettropolis.fr\/Blog\/2014\/12\/06\/seisme-dans-le-champ-sonore-3-memoire-selective\/","title":{"rendered":"SEISME DANS LE CHAMP SONORE &#8211; 3 : M\u00c9MOIRE S\u00c9LECTIVE"},"content":{"rendered":"<div id=\"attachment_3187\" style=\"width: 475px\" class=\"wp-caption aligncenter\"><a title=\"chemins \u00e0 travers tableaux\" href=\"http:\/\/www.lettropolis.fr\/\"><img loading=\"lazy\" decoding=\"async\" aria-describedby=\"caption-attachment-3187\" class=\"size-full wp-image-3187\" src=\"http:\/\/www.lettropolis.fr\/Blog\/wp-content\/uploads\/2014\/12\/COUVERTURE-CHEMIN-GADWIN.jpg\" alt=\"CHEMIN A TRAVERS TABLEAUX\" width=\"465\" height=\"636\" srcset=\"http:\/\/www.lettropolis.fr\/Blog\/wp-content\/uploads\/2014\/12\/COUVERTURE-CHEMIN-GADWIN.jpg 465w, http:\/\/www.lettropolis.fr\/Blog\/wp-content\/uploads\/2014\/12\/COUVERTURE-CHEMIN-GADWIN-219x300.jpg 219w\" sizes=\"auto, (max-width: 465px) 100vw, 465px\" \/><\/a><p id=\"caption-attachment-3187\" class=\"wp-caption-text\">CHEMIN A TRAVERS TABLEAUX<\/p><\/div>\n<h2><\/h2>\n<h2 style=\"text-align: center;\"><span style=\"color: #0000ff;\"><strong><em>Chemin \u00e0 travers tableaux<\/em><\/strong> <\/span><br \/>\nnouveau livre de :<br \/>\n<strong><span style=\"color: #0000ff;\">Victor CUPSA<\/span><br \/>\n<\/strong>Lettropolis le pr\u00e9sente<br \/>\n<span style=\"color: #0000ff;\"><strong>dans une luxueuse version papier<\/strong><\/span><br \/>\ncouverture cartonn\u00e9e rembord\u00e9e<br \/>\nFormat A4, 288 pages, 55 reproductions en couleurs, 16 dessins.<br \/>\nUn cadeau id\u00e9al pour No\u00ebl au prix exceptionnel de 35 \u20ac (+port)<br \/>\n<a href=\"http:\/\/www.lettropolis.fr\/\"><strong><span style=\"color: #0000ff;\"> Commandez d\u00e8s aujourd&#8217;hui sur Lettropolis<\/span><\/strong><\/a><\/h2>\n<p>&nbsp;<\/p>\n<p>&nbsp;<\/p>\n<p><strong>SEISME DANS LE CHAMP SONORE (suite de l&#8217;article de Victor CUPSA)<br \/>\n<\/strong><\/p>\n<ol start=\"3\">\n<li><strong> M\u00c9MOIRE S\u00c9LECTIVE<br \/>\n<\/strong><\/li>\n<\/ol>\n<p style=\"text-align: justify;\">\u00a0La discussion n\u00e9e de cette conf\u00e9rence, la fa\u00e7on dont elle fut commenc\u00e9e et men\u00e9e, r\u00e9v\u00e8le un mal beaucoup plus profond. Elle a pollu\u00e9 et en m\u00eame temps d\u00e9pass\u00e9 la sph\u00e8re de l\u2019art, pour se situer dans celle du soci\u00e9tal suite au grave malaise de nature politique install\u00e9 de tr\u00e8s longue date. Le sujet est immense, je ne fais que l\u2019effleurer\u00a0; il sera forc\u00e9ment un peu sch\u00e9matique. C\u2019est la masse immerg\u00e9e de l\u2019iceberg.<\/p>\n<p style=\"text-align: justify;\">Sur l\u2019ensemble de la discussion on remarquera la panoplie de r\u00e9f\u00e9rences exclusivement prise dans la sph\u00e8re de l\u2019id\u00e9ologie de la p\u00e9riode hitl\u00e9rienne\u00a0avec le vocabulaire aff\u00e9rent : nazis, fachos, troisi\u00e8me Reich, retour naus\u00e9abond des ann\u00e9es trente, b\u00eate immonde, r\u00e9visionnisme, n\u00e9gationnisme\u00a0et j\u2019en passe. C\u2019est une caract\u00e9ristique qui attire l\u2019attention en m\u00eame temps sur la terminologie peu flatteuse \u00e0 l\u2019endroit de la dod\u00e9caphonie.<\/p>\n<p style=\"text-align: justify;\">Avant d\u2019aller plus loin il serait bon d\u2019\u00e9claircir cette histoire des \u00ab\u00a0ann\u00e9es trente\u00a0\u00bb. Qu\u2019entend-on exactement sous cette appellation, que doit-on comprendre\u00a0? Exclusivement l\u2019av\u00e8nement de la tr\u00e8s bien connue \u00ab\u00a0peste brune\u00a0\u00bb en Allemagne\u00a0? Ou sont-ils inclus dans l\u2019esprit de ceux qui l\u2019emploient, les assassinats en masse, cinq \u00e0 sept millions de morts par la faim (l\u2019Holodomor)* organis\u00e9s froidement en Ukraine par les Soviets et leur guide, l. V. Staline, P\u00e8re des Peuples\u00a0? Les dizaines de milliers d\u2019assassinats l\u00e9gaux suite \u00e0 des proc\u00e8s aux sentences connues \u00e0 l\u2019avance, dans la p\u00e9riode enregistr\u00e9e sous le nom de \u00ab\u00a0Proc\u00e8s de Moscou\u00a0\u00bb, (Zinoviev, Kamenev, Boukharine, Toukhatchevski, etc.)\u00a0? C\u2019\u00e9tait toujours pendant les m\u00eames \u00ab ann\u00e9es trente\u00a0\u00bb\u00a0! La clarification me semble souhaitable.<\/p>\n<p style=\"text-align: justify;\">On saupoudre l\u2019argumentation de citations de Furtw\u00e4ngler et d\u2019Ansermet qui, \u00e0 cause du d\u00e9saccord ou du refus de la dod\u00e9caphonie (position esth\u00e9tique) sont qualifi\u00e9es automatiquement de manifestations d\u00e9termin\u00e9es par des sympathies envers le r\u00e9gime national socialiste. (position politique). Est-ce \u00e9quitable\u00a0? Est-ce normal\u00a0? Pourrait-on d\u00e9duire peut-\u00eatre que ceux qui n\u2019aiment pas l\u2019atonalisme, seraient nazis\u00a0ou bolcheviques\u00a0?<\/p>\n<p style=\"text-align: justify;\">Il me semble hautement significatif qu\u2019il n\u2019y ait aucun rapprochement, aucune citation ou r\u00e9f\u00e9rence aux directives \u00e9dict\u00e9es par le C.C. du P.C.U.S. \u00e0 l\u2019\u00e9poque du r\u00e8gne de L\u00e9nine, puis sous Staline et d\u2019Andre\u00ef Jdanov suivis par d\u2019autres <em>koultourniks<\/em> de la m\u00eame consistance intellectuelle. Tout comme elles furent fraternellement alli\u00e9es pour le d\u00e9pe\u00e7age de la Pologne en 1939, suite \u00e0 l\u2019accord Molotov-Ribbentrop, les <em>deux<\/em> puissances totalitaires \u00ab\u00a0des ann\u00e9es trente\u00a0\u00bb ont \u00e9t\u00e9 sur la m\u00eame longueur d\u2019onde dans le domaine de la \u00ab\u00a0suprastructure\u00a0\u00bb culturelle. Totalement et absolument unies dans le d\u00e9nigrement r\u00e9serv\u00e9 \u00e0 la seconde \u00e9cole de Vienne (Sch\u00f6nberg, Berg, Webern) ainsi qu\u2019\u00e0 leurs \u00e9l\u00e8ves, leurs suiveurs et autres sous influence. M\u00eame traitement envers la peinture et la sculpture moderne (Kandinsky, Klee, Dali, Brancusi, Arp, Calder et d\u2019autres).<\/p>\n<p style=\"text-align: justify;\">En outre, la citation d\u2019un intervenant attribuant \u00e0 la tant m\u00e9pris\u00e9e m\u00e9nag\u00e8re, l\u2019observation concernant la capacit\u00e9 de son fils de cinq ans de faire la m\u00eame chose qu\u2019un barbouillage \u00ab\u00a0moderne\u00a0\u00bb, appartient en propre \u00e0 Nikita S. Khrouchtchev. Plus pr\u00e9cis\u00e9ment, il faisait r\u00e9f\u00e9rence \u00e0 un \u00e2ne qui pourrait peindre, disait-il, avec des coups de sa queue mouill\u00e9e dans des couleurs ! (Ce n\u2019est pas correct de lui en enlever la paternit\u00e9). Il d\u00e9tournait ce que son conseiller culturel avait d\u00fb lui souffler\u00a0: l\u2019in\u00e9narrable canular de Roland Dorgel\u00e8s. En 1910 il pr\u00e9sente au <em>Salon des Ind\u00e9pendants<\/em> une peinture intitul\u00e9e <em>Et le Soleil s\u2019endormit sur l\u2019\u2019Adriatique<\/em> effectivement r\u00e9alis\u00e9e par un \u00e2ne et sign\u00e9e par Aliboron\u00a0(J. R. Boronali); elle fut accept\u00e9e par le jury.<\/p>\n<p style=\"text-align: justify;\">ll serait bon aussi d\u2019avoir en m\u00e9moire que l\u2019influence id\u00e9ologique du nazisme s\u2019arr\u00eate en 1945, tandis qu\u2019en U.R.S.S. l\u2019interdiction, l\u2019aversion active contre la dod\u00e9caphonie et d\u00e9riv\u00e9es, a dur\u00e9 jusqu\u2019\u00e0 la fin calamiteuse du r\u00e9gime (1989). Ils ont continu\u00e9 entre 1945 et 1989 \u00e0 employer \u00e0 l\u2019endroit de \u00ab\u00a0l\u2019art moderne\u00a0\u00bb en g\u00e9n\u00e9ral, les m\u00eames mots que le fr\u00e8re disparu\u00a0: \u00ab\u00a0d\u00e9cadent, d\u00e9g\u00e9n\u00e9r\u00e9, cosmopolite, \u00e9litiste, enferm\u00e9 dans sa tour d\u2019ivoire, art bourgeois (sic) m\u00e9prisant le peuple\u00a0\u00bb, \u00ab\u00a0ce n\u2019est pas de la musique, ce sont des bruits malsains\u00a0\u00bb. Jdanov, Goebbels, m\u00eame combat. Il faut souligner que ces termes sont rest\u00e9s en usage jusqu\u2019\u00e0 la fin du r\u00e9gime.<\/p>\n<p style=\"text-align: justify;\">Personne ne traduit ses indignations, ses r\u00e9criminations par des d\u2019appellations telles que\u00a0: <em>jdanovisme<\/em>, <em>stalinisme,<\/em> encore moins <em>l\u00e9ninisme<\/em> ou <em>communisme<\/em>, <em>trotskisme<\/em>, ou encore <em>aberrations esth\u00e9tiques<\/em> sorties tout droit de la dictature du prol\u00e9tariat. Rien\u00a0!<\/p>\n<p style=\"text-align: justify;\">Soigneuse s\u00e9paration, entretenue en permanence m\u00eame apr\u00e8s l\u2019\u00e9croulement de l\u2019empire, par une m\u00e9thode qui s\u2019est av\u00e9r\u00e9e performante\u00a0: instillation \u00e0 r\u00e9p\u00e9tition pendant de longues ann\u00e9es dans les cerveaux des victimes, des produits id\u00e9ologiques sugg\u00e9r\u00e9s, altern\u00e9s avec des greffons administr\u00e9s en permanence, transformant le greff\u00e9 en inconditionnel. On obtenait ainsi le bien connu sp\u00e9cimen \u00e0 l\u2019amn\u00e9sie s\u00e9lective et \u00e0 l\u2019absolution partisane si r\u00e9pandu un peu partout.<\/p>\n<p style=\"text-align: justify;\">C\u2019est dans l\u2019apr\u00e8s-guerre que s\u2019installe en Occident autant que dans les pays de l\u2019Est, un imbroglio malin, une situation perverse, on peut oser le terme de schizophr\u00e8nie, mais pas pour les m\u00eames raisons. C\u2019est l\u00e0 qu\u2019on arrive au vif du sujet\u00a0: l\u2019ing\u00e9rence sournoise pour les uns (ceux de l\u2019Ouest), violente pour les autres, (ceux de l\u2019Est) de la politique dans l\u2019art.<\/p>\n<p style=\"text-align: justify;\">Apr\u00e8s la guerre, le monde de la culture en Occident particuli\u00e8rement en France est largement sous l\u2019influence du P.C.F. (parti fr\u00e8re) inf\u00e9od\u00e9 ferme au P.C. de l\u2019U.R.S.S.\u00a0(Le Parti P\u00e8re). Apr\u00e8s avoir \u00e9t\u00e9 lib\u00e9r\u00e9 par les Am\u00e9ricains, \u00ab le monde de la culture\u00a0\u00bb en guise de reconnaissance devient anti am\u00e9ricain, car majoritairement de gauche, ou pire, communiste, atteint d\u2019une lourde amn\u00e9sie sur la terreur, sur les cent millions de morts au Goulag, (chiffre tr\u00e8s prudent avanc\u00e9 par des chercheurs du C.N.R.S.). Il occulte courageusement le manque de libert\u00e9 de cr\u00e9ation, la r\u00e9probation totale et violente des tendances modernes (entre autres l\u2019atonalisme).<\/p>\n<p style=\"text-align: justify;\">S\u2019installe une situation \u00e9prouvante\u00a0: dichotomie \u00e0 l\u2019origine de troubles affectant gravement l\u2019unit\u00e9 de l\u2019individu, inscrite de surcro\u00eet dans la dur\u00e9e.<\/p>\n<p style=\"text-align: justify;\">\u00catre homme de culture, progressiste d\u00e9clar\u00e9, communiste le plus souvent ou homme de gauche, tout en \u00e9tant opposant aux positions \u00e9labor\u00e9es, pr\u00f4n\u00e9es, impos\u00e9es par les plus hautes instances de l\u2019organe id\u00e9ologique du Parti auquel on appartient, c\u2019est une catastrophe majeure pour l\u2019int\u00e9grit\u00e9 du psychisme. Ce n\u2019est pas un \u00e9tat de nature \u00e0 sauvegarder la pl\u00e9nitude, l\u2019unit\u00e9, la probit\u00e9 de l\u2019\u00eatre.<\/p>\n<p style=\"text-align: justify;\">\u00c0 revoir les relations invraisemblables d\u2019ambigu\u00eft\u00e9, les contorsions \u00e0 la limite de la naus\u00e9e d\u2019Ilya Ehrenbourg avec les Triolet, Aragon, Picasso dont la seule \u0153uvre publi\u00e9e en zone sovi\u00e9tique fut un dessin\u00a0repr\u00e9sentant <em>La Colombe de la paix<\/em>. Avant l\u2019\u00e9croulement,\u00a0 <em>Guernica<\/em> dans quelques revues sp\u00e9cialis\u00e9es, sans omettre de rappeler lourdement qu\u2019il \u00e9tait \u00ab\u00a0membre\u00a0\u00bb (du parti).<\/p>\n<p style=\"text-align: justify;\">Le langage outrancier utilis\u00e9 dans cette pol\u00e9mique me semble issu en ligne directe d\u2019un \u00e9tat que je qualifierais de schizo\u00efde comme cons\u00e9quence de la dichotomie mentionn\u00e9e. Concr\u00e8tement\u00a0: \u00e9tat de d\u00e9s\u00e9quilibre ayant pour cause les micro et macro traumatismes dus \u00e0 la soumission de l\u2019individu envers une organisation violente et brutale issue d\u2019une id\u00e9e politique et l\u2019insoumission, l\u2019inacceptation sur le plan intellectuel, esth\u00e9tique et psychique des orientations dans le domaine professionnel, en l\u2019occurrence la doctrine culturelle, les id\u00e9es v\u00e9hicul\u00e9es sur la suprastructure. \u00c9tat corn\u00e9lien, nuisible, pouvant induire des l\u00e9sions psychiques souvent irr\u00e9versibles. Cette charge id\u00e9ologique commune, identique aux deux r\u00e9gimes engendr\u00e9s par les <em>deux<\/em> r\u00e9gimes totalitaires \u00ab\u00a0des ann\u00e9es trente\u00a0\u00bb fut un fardeau lourd \u00e0 porter. S\u2019en d\u00e9barrasser devint une n\u00e9cessit\u00e9 politique, imp\u00e9rative pour le bon fonctionnement de l\u2019\u00eatre, pour son bien-\u00eatre psychologique.<\/p>\n<p style=\"text-align: justify;\">La solution, relativement simple, consiste en un transfert habile de la suprastructure id\u00e9ologique commune dans le domaine des arts (r\u00e9f\u00e9rences lexicales comprises) sur le dos du fr\u00e8re d\u00e9test\u00e9, le cadet, (n\u00e9 en 1922)*. En lui passant la charge, il devient seul d\u00e9positaire de l\u2019abomination. L\u2019autre, l\u2019a\u00een\u00e9, (n\u00e9 en 1917)**, le bien-aim\u00e9, en lui accordant l\u2019absolution sans doute comme apanage du droit d\u2019a\u00eenesse, est ainsi (virtuellement) d\u00e9charg\u00e9. Ne portant plus le fardeau infamant, on pouvait l\u2019aimer sans retenue, s\u2019y abandonner sans remord, le suivre comme des taupes dans la \u00ab\u00a0Marche Triomphale\u00a0\u00bb qui le portait en cadence bien rythm\u00e9e sur le chemin menant vers les \u00ab\u00a0Aubes Lumineuses de l\u2019Avenir Radieux\u00a0\u00bb en train de se lever \u00e0 l\u2019Est, tout comme le Soleil lui-m\u00eame. Consciences en paix bien s\u00fbr, limpides, transparentes comme l\u2019eau de source. Cheminement ensemble\u2026 \u00ab\u00a0Les idiots utiles\u00a0\u00bb (L\u00e9nine).<\/p>\n<p>* Naissance du national- socialisme.<\/p>\n<p>** D\u00e9but de la r\u00e9volution bolchevique.<\/p>\n<p>*** En ukrainien : extermination par la faim. Combien d&#8217;Occidentaux connaissent-ils le mot <em>Holodomor<\/em> ?\u00a0 La <em>Grande Famine d&#8217;Ukraine<\/em>, des ann\u00e9es 1930, reste une des plus terribles p\u00e9riodes du stalinisme, avec 5 \u00e0 7 millions de victimes.<\/p>\n<p style=\"text-align: justify;\">(\u00c0 suivre)<\/p>\n<p style=\"text-align: justify;\">\n","protected":false},"excerpt":{"rendered":"<p>Chemin \u00e0 travers tableaux nouveau livre de : Victor CUPSA Lettropolis le pr\u00e9sente dans une luxueuse version papier couverture cartonn\u00e9e rembord\u00e9e Format A4, 288 pages, 55 reproductions en couleurs, 16 dessins. Un cadeau id\u00e9al pour No\u00ebl au prix exceptionnel de &hellip; <a class=\"more-link\" href=\"http:\/\/www.lettropolis.fr\/Blog\/2014\/12\/06\/seisme-dans-le-champ-sonore-3-memoire-selective\/\">Suite <span class=\"meta-nav\">&rarr;<\/span><\/a><\/p>\n","protected":false},"author":2,"featured_media":0,"comment_status":"open","ping_status":"open","sticky":false,"template":"","format":"standard","meta":{"_s2mail":"yes","_jetpack_memberships_contains_paid_content":false,"footnotes":""},"categories":[23,30],"tags":[183,311],"class_list":["post-3208","post","type-post","status-publish","format-standard","hentry","category-r2","category-r21","tag-famine","tag-holodomor"],"yoast_head":"<!-- This site is optimized with the Yoast SEO plugin v26.6 - https:\/\/yoast.com\/wordpress\/plugins\/seo\/ -->\n<title>seisme dans le champ sonore m\u00e9moire s\u00e9lective<\/title>\n<meta name=\"description\" content=\"Le seisme intellectuel engloutit esprits et m\u00e9moires. La schizophr\u00e9nie d\u00e9place la culpabilit\u00e9. Le nazisme est mis en avant, le communisme valoris\u00e9\" \/>\n<meta name=\"robots\" content=\"index, follow, max-snippet:-1, max-image-preview:large, max-video-preview:-1\" \/>\n<link rel=\"canonical\" href=\"http:\/\/www.lettropolis.fr\/Blog\/2014\/12\/06\/seisme-dans-le-champ-sonore-3-memoire-selective\/\" \/>\n<meta property=\"og:locale\" content=\"fr_FR\" \/>\n<meta property=\"og:type\" content=\"article\" \/>\n<meta property=\"og:title\" content=\"seisme dans le champ sonore m\u00e9moire s\u00e9lective\" \/>\n<meta property=\"og:description\" content=\"Le seisme intellectuel engloutit esprits et m\u00e9moires. La schizophr\u00e9nie d\u00e9place la culpabilit\u00e9. Le nazisme est mis en avant, le communisme valoris\u00e9\" \/>\n<meta property=\"og:url\" content=\"http:\/\/www.lettropolis.fr\/Blog\/2014\/12\/06\/seisme-dans-le-champ-sonore-3-memoire-selective\/\" \/>\n<meta property=\"og:site_name\" content=\"Lettropolis\" \/>\n<meta property=\"article:published_time\" content=\"2014-12-06T10:53:54+00:00\" \/>\n<meta property=\"og:image\" content=\"http:\/\/www.lettropolis.fr\/Blog\/wp-content\/uploads\/2014\/12\/COUVERTURE-CHEMIN-GADWIN.jpg\" \/>\n<meta name=\"author\" content=\"PF GHISONI\" \/>\n<meta name=\"twitter:label1\" content=\"\u00c9crit par\" \/>\n\t<meta name=\"twitter:data1\" content=\"PF GHISONI\" \/>\n\t<meta name=\"twitter:label2\" content=\"Dur\u00e9e de lecture estim\u00e9e\" \/>\n\t<meta name=\"twitter:data2\" content=\"9 minutes\" \/>\n<script type=\"application\/ld+json\" class=\"yoast-schema-graph\">{\"@context\":\"https:\/\/schema.org\",\"@graph\":[{\"@type\":\"WebPage\",\"@id\":\"http:\/\/www.lettropolis.fr\/Blog\/2014\/12\/06\/seisme-dans-le-champ-sonore-3-memoire-selective\/\",\"url\":\"http:\/\/www.lettropolis.fr\/Blog\/2014\/12\/06\/seisme-dans-le-champ-sonore-3-memoire-selective\/\",\"name\":\"seisme dans le champ sonore m\u00e9moire s\u00e9lective\",\"isPartOf\":{\"@id\":\"http:\/\/www.lettropolis.fr\/Blog\/#website\"},\"primaryImageOfPage\":{\"@id\":\"http:\/\/www.lettropolis.fr\/Blog\/2014\/12\/06\/seisme-dans-le-champ-sonore-3-memoire-selective\/#primaryimage\"},\"image\":{\"@id\":\"http:\/\/www.lettropolis.fr\/Blog\/2014\/12\/06\/seisme-dans-le-champ-sonore-3-memoire-selective\/#primaryimage\"},\"thumbnailUrl\":\"http:\/\/www.lettropolis.fr\/Blog\/wp-content\/uploads\/2014\/12\/COUVERTURE-CHEMIN-GADWIN.jpg\",\"datePublished\":\"2014-12-06T10:53:54+00:00\",\"author\":{\"@id\":\"http:\/\/www.lettropolis.fr\/Blog\/#\/schema\/person\/c435c1f06cff91488ebfe1b3c01b6d5c\"},\"description\":\"Le seisme intellectuel engloutit esprits et m\u00e9moires. La schizophr\u00e9nie d\u00e9place la culpabilit\u00e9. Le nazisme est mis en avant, le communisme valoris\u00e9\",\"breadcrumb\":{\"@id\":\"http:\/\/www.lettropolis.fr\/Blog\/2014\/12\/06\/seisme-dans-le-champ-sonore-3-memoire-selective\/#breadcrumb\"},\"inLanguage\":\"fr-FR\",\"potentialAction\":[{\"@type\":\"ReadAction\",\"target\":[\"http:\/\/www.lettropolis.fr\/Blog\/2014\/12\/06\/seisme-dans-le-champ-sonore-3-memoire-selective\/\"]}]},{\"@type\":\"ImageObject\",\"inLanguage\":\"fr-FR\",\"@id\":\"http:\/\/www.lettropolis.fr\/Blog\/2014\/12\/06\/seisme-dans-le-champ-sonore-3-memoire-selective\/#primaryimage\",\"url\":\"http:\/\/www.lettropolis.fr\/Blog\/wp-content\/uploads\/2014\/12\/COUVERTURE-CHEMIN-GADWIN.jpg\",\"contentUrl\":\"http:\/\/www.lettropolis.fr\/Blog\/wp-content\/uploads\/2014\/12\/COUVERTURE-CHEMIN-GADWIN.jpg\",\"width\":465,\"height\":636,\"caption\":\"CHEMIN A TRAVERS TABLEAUX\"},{\"@type\":\"BreadcrumbList\",\"@id\":\"http:\/\/www.lettropolis.fr\/Blog\/2014\/12\/06\/seisme-dans-le-champ-sonore-3-memoire-selective\/#breadcrumb\",\"itemListElement\":[{\"@type\":\"ListItem\",\"position\":1,\"name\":\"Accueil\",\"item\":\"http:\/\/www.lettropolis.fr\/Blog\/\"},{\"@type\":\"ListItem\",\"position\":2,\"name\":\"SEISME DANS LE CHAMP SONORE &#8211; 3 : M\u00c9MOIRE S\u00c9LECTIVE\"}]},{\"@type\":\"WebSite\",\"@id\":\"http:\/\/www.lettropolis.fr\/Blog\/#website\",\"url\":\"http:\/\/www.lettropolis.fr\/Blog\/\",\"name\":\"Lettropolis\",\"description\":\"La promotion globale de l&#039;internet litt\u00e9raire\",\"potentialAction\":[{\"@type\":\"SearchAction\",\"target\":{\"@type\":\"EntryPoint\",\"urlTemplate\":\"http:\/\/www.lettropolis.fr\/Blog\/?s={search_term_string}\"},\"query-input\":{\"@type\":\"PropertyValueSpecification\",\"valueRequired\":true,\"valueName\":\"search_term_string\"}}],\"inLanguage\":\"fr-FR\"},{\"@type\":\"Person\",\"@id\":\"http:\/\/www.lettropolis.fr\/Blog\/#\/schema\/person\/c435c1f06cff91488ebfe1b3c01b6d5c\",\"name\":\"PF GHISONI\",\"image\":{\"@type\":\"ImageObject\",\"inLanguage\":\"fr-FR\",\"@id\":\"http:\/\/www.lettropolis.fr\/Blog\/#\/schema\/person\/image\/\",\"url\":\"https:\/\/secure.gravatar.com\/avatar\/abf62349e0235351f25dc24b59f7804e25dd3d03ec57233ca3b7c2c0040da680?s=96&d=mm&r=g\",\"contentUrl\":\"https:\/\/secure.gravatar.com\/avatar\/abf62349e0235351f25dc24b59f7804e25dd3d03ec57233ca3b7c2c0040da680?s=96&d=mm&r=g\",\"caption\":\"PF GHISONI\"},\"sameAs\":[\"http:\/\/www.lettropolis.fr\"],\"url\":\"http:\/\/www.lettropolis.fr\/Blog\/author\/pf-ghisoni\/\"}]}<\/script>\n<!-- \/ Yoast SEO plugin. -->","yoast_head_json":{"title":"seisme dans le champ sonore m\u00e9moire s\u00e9lective","description":"Le seisme intellectuel engloutit esprits et m\u00e9moires. La schizophr\u00e9nie d\u00e9place la culpabilit\u00e9. Le nazisme est mis en avant, le communisme valoris\u00e9","robots":{"index":"index","follow":"follow","max-snippet":"max-snippet:-1","max-image-preview":"max-image-preview:large","max-video-preview":"max-video-preview:-1"},"canonical":"http:\/\/www.lettropolis.fr\/Blog\/2014\/12\/06\/seisme-dans-le-champ-sonore-3-memoire-selective\/","og_locale":"fr_FR","og_type":"article","og_title":"seisme dans le champ sonore m\u00e9moire s\u00e9lective","og_description":"Le seisme intellectuel engloutit esprits et m\u00e9moires. La schizophr\u00e9nie d\u00e9place la culpabilit\u00e9. Le nazisme est mis en avant, le communisme valoris\u00e9","og_url":"http:\/\/www.lettropolis.fr\/Blog\/2014\/12\/06\/seisme-dans-le-champ-sonore-3-memoire-selective\/","og_site_name":"Lettropolis","article_published_time":"2014-12-06T10:53:54+00:00","og_image":[{"url":"http:\/\/www.lettropolis.fr\/Blog\/wp-content\/uploads\/2014\/12\/COUVERTURE-CHEMIN-GADWIN.jpg","type":"","width":"","height":""}],"author":"PF GHISONI","twitter_misc":{"\u00c9crit par":"PF GHISONI","Dur\u00e9e de lecture estim\u00e9e":"9 minutes"},"schema":{"@context":"https:\/\/schema.org","@graph":[{"@type":"WebPage","@id":"http:\/\/www.lettropolis.fr\/Blog\/2014\/12\/06\/seisme-dans-le-champ-sonore-3-memoire-selective\/","url":"http:\/\/www.lettropolis.fr\/Blog\/2014\/12\/06\/seisme-dans-le-champ-sonore-3-memoire-selective\/","name":"seisme dans le champ sonore m\u00e9moire s\u00e9lective","isPartOf":{"@id":"http:\/\/www.lettropolis.fr\/Blog\/#website"},"primaryImageOfPage":{"@id":"http:\/\/www.lettropolis.fr\/Blog\/2014\/12\/06\/seisme-dans-le-champ-sonore-3-memoire-selective\/#primaryimage"},"image":{"@id":"http:\/\/www.lettropolis.fr\/Blog\/2014\/12\/06\/seisme-dans-le-champ-sonore-3-memoire-selective\/#primaryimage"},"thumbnailUrl":"http:\/\/www.lettropolis.fr\/Blog\/wp-content\/uploads\/2014\/12\/COUVERTURE-CHEMIN-GADWIN.jpg","datePublished":"2014-12-06T10:53:54+00:00","author":{"@id":"http:\/\/www.lettropolis.fr\/Blog\/#\/schema\/person\/c435c1f06cff91488ebfe1b3c01b6d5c"},"description":"Le seisme intellectuel engloutit esprits et m\u00e9moires. La schizophr\u00e9nie d\u00e9place la culpabilit\u00e9. Le nazisme est mis en avant, le communisme valoris\u00e9","breadcrumb":{"@id":"http:\/\/www.lettropolis.fr\/Blog\/2014\/12\/06\/seisme-dans-le-champ-sonore-3-memoire-selective\/#breadcrumb"},"inLanguage":"fr-FR","potentialAction":[{"@type":"ReadAction","target":["http:\/\/www.lettropolis.fr\/Blog\/2014\/12\/06\/seisme-dans-le-champ-sonore-3-memoire-selective\/"]}]},{"@type":"ImageObject","inLanguage":"fr-FR","@id":"http:\/\/www.lettropolis.fr\/Blog\/2014\/12\/06\/seisme-dans-le-champ-sonore-3-memoire-selective\/#primaryimage","url":"http:\/\/www.lettropolis.fr\/Blog\/wp-content\/uploads\/2014\/12\/COUVERTURE-CHEMIN-GADWIN.jpg","contentUrl":"http:\/\/www.lettropolis.fr\/Blog\/wp-content\/uploads\/2014\/12\/COUVERTURE-CHEMIN-GADWIN.jpg","width":465,"height":636,"caption":"CHEMIN A TRAVERS TABLEAUX"},{"@type":"BreadcrumbList","@id":"http:\/\/www.lettropolis.fr\/Blog\/2014\/12\/06\/seisme-dans-le-champ-sonore-3-memoire-selective\/#breadcrumb","itemListElement":[{"@type":"ListItem","position":1,"name":"Accueil","item":"http:\/\/www.lettropolis.fr\/Blog\/"},{"@type":"ListItem","position":2,"name":"SEISME DANS LE CHAMP SONORE &#8211; 3 : M\u00c9MOIRE S\u00c9LECTIVE"}]},{"@type":"WebSite","@id":"http:\/\/www.lettropolis.fr\/Blog\/#website","url":"http:\/\/www.lettropolis.fr\/Blog\/","name":"Lettropolis","description":"La promotion globale de l&#039;internet litt\u00e9raire","potentialAction":[{"@type":"SearchAction","target":{"@type":"EntryPoint","urlTemplate":"http:\/\/www.lettropolis.fr\/Blog\/?s={search_term_string}"},"query-input":{"@type":"PropertyValueSpecification","valueRequired":true,"valueName":"search_term_string"}}],"inLanguage":"fr-FR"},{"@type":"Person","@id":"http:\/\/www.lettropolis.fr\/Blog\/#\/schema\/person\/c435c1f06cff91488ebfe1b3c01b6d5c","name":"PF GHISONI","image":{"@type":"ImageObject","inLanguage":"fr-FR","@id":"http:\/\/www.lettropolis.fr\/Blog\/#\/schema\/person\/image\/","url":"https:\/\/secure.gravatar.com\/avatar\/abf62349e0235351f25dc24b59f7804e25dd3d03ec57233ca3b7c2c0040da680?s=96&d=mm&r=g","contentUrl":"https:\/\/secure.gravatar.com\/avatar\/abf62349e0235351f25dc24b59f7804e25dd3d03ec57233ca3b7c2c0040da680?s=96&d=mm&r=g","caption":"PF GHISONI"},"sameAs":["http:\/\/www.lettropolis.fr"],"url":"http:\/\/www.lettropolis.fr\/Blog\/author\/pf-ghisoni\/"}]}},"jetpack_featured_media_url":"","jetpack_sharing_enabled":true,"_links":{"self":[{"href":"http:\/\/www.lettropolis.fr\/Blog\/wp-json\/wp\/v2\/posts\/3208","targetHints":{"allow":["GET"]}}],"collection":[{"href":"http:\/\/www.lettropolis.fr\/Blog\/wp-json\/wp\/v2\/posts"}],"about":[{"href":"http:\/\/www.lettropolis.fr\/Blog\/wp-json\/wp\/v2\/types\/post"}],"author":[{"embeddable":true,"href":"http:\/\/www.lettropolis.fr\/Blog\/wp-json\/wp\/v2\/users\/2"}],"replies":[{"embeddable":true,"href":"http:\/\/www.lettropolis.fr\/Blog\/wp-json\/wp\/v2\/comments?post=3208"}],"version-history":[{"count":8,"href":"http:\/\/www.lettropolis.fr\/Blog\/wp-json\/wp\/v2\/posts\/3208\/revisions"}],"predecessor-version":[{"id":3220,"href":"http:\/\/www.lettropolis.fr\/Blog\/wp-json\/wp\/v2\/posts\/3208\/revisions\/3220"}],"wp:attachment":[{"href":"http:\/\/www.lettropolis.fr\/Blog\/wp-json\/wp\/v2\/media?parent=3208"}],"wp:term":[{"taxonomy":"category","embeddable":true,"href":"http:\/\/www.lettropolis.fr\/Blog\/wp-json\/wp\/v2\/categories?post=3208"},{"taxonomy":"post_tag","embeddable":true,"href":"http:\/\/www.lettropolis.fr\/Blog\/wp-json\/wp\/v2\/tags?post=3208"}],"curies":[{"name":"wp","href":"https:\/\/api.w.org\/{rel}","templated":true}]}}