{"id":2788,"date":"2014-02-21T18:48:06","date_gmt":"2014-02-21T18:48:06","guid":{"rendered":"http:\/\/www.lettropolis.fr\/Blog\/?p=2788"},"modified":"2014-02-22T14:46:11","modified_gmt":"2014-02-22T14:46:11","slug":"30e-rallye-aerien-toulouse-saint-louis-du-senegal","status":"publish","type":"post","link":"http:\/\/www.lettropolis.fr\/Blog\/2014\/02\/21\/30e-rallye-aerien-toulouse-saint-louis-du-senegal\/","title":{"rendered":"30e RALLYE A\u00c9RIEN. TOULOUSE \/ SAINT-LOUIS-DU-S\u00c9N\u00c9GAL"},"content":{"rendered":"<dl class=\"wp-caption aligncenter\" id=\"attachment_2610\" style=\"width: 435px\">\n<dt class=\"wp-caption-dt\"><a href=\"http:\/\/www.lettropolis.fr\/Public\/Olnitheque\/Fiche.php?ID_Article=71\"><img loading=\"lazy\" decoding=\"async\" class=\" wp-image-2610\" alt=\"30e Rallye a\u00e9rien\" src=\"http:\/\/www.lettropolis.fr\/Blog\/wp-content\/uploads\/2013\/09\/Couverture.jpg\" width=\"425\" height=\"646\" \/><\/a><\/dt>\n<dd class=\"wp-caption-dd\">30e Rallye a\u00e9rien<\/dd>\n<\/dl>\n<h2 style=\"text-align: justify\"><span style=\"font-size: x-large\">Voici un livre \u2013 j\u2019ai oubli\u00e9 de le dire, mais on n\u2019a pas toujours l\u2019entrain pour \u00ab\u00a0blogger\u00a0\u00bb \u2013 qui m\u2019a enchant\u00e9, en d\u00e9cembre, lorsque je le d\u00e9couvris\u00a0:<\/span><\/h2>\n<p style=\"text-align: justify\"><span style=\"font-size: x-large\">Miroir de l\u2019histoire de cette \u00e9pop\u00e9e victorieuse, belle, aventureuse, \u00e0 laquelle particip\u00e8rent tous ces pilotes mythiques, pionniers de l\u2019aviation fran\u00e7aise.<\/span><\/p>\n<p style=\"text-align: justify\"><span style=\"font-size: x-large\">Car l\u2019aventure est toujours au rendez-vous, r\u00e9-actualis\u00e9e par le 30<sup>e<\/sup> rallye, auquel a particip\u00e9 Martine Gay, avec tous ses compagnons d\u2019<i>Air aventure<\/i>, en septembre-octobre 2012\u00a0; digne comm\u00e9moration de l\u2019\u00e9pop\u00e9e initiale, reprise par Martine Gay, en commun avec les camarades de l\u2019\u00e9quipe.<\/span><\/p>\n<p style=\"text-align: justify\"><span style=\"font-size: x-large\">Ce deuxi\u00e8me ouvrage (apr\u00e8s <i>Du r\u00eave \u00e0 la r\u00e9alit\u00e9) <\/i>est compos\u00e9 de r\u00e9cits et t\u00e9moignages extr\u00eamement vivants, donn\u00e9s par tous les participants \u00e0 l\u2019\u00e9v\u00e9nement. Voir par exemple, le texte de <i>Brigitte<\/i>, dite Bibi, sur la joie de voler, malgr\u00e9 tous les impond\u00e9rables\u2026<\/span><\/p>\n<p style=\"text-align: justify\"><span style=\"font-size: x-large\">Les nombreuses images et photos rendent le livre tr\u00e8s agr\u00e9able.<\/span><\/p>\n<p style=\"text-align: justify\"><span style=\"font-size: x-large\">Et, cerise sur le g\u00e2teau, on trouve \u00e0 la fin un synopsis de tous ces grands hommes qui fond\u00e8rent la l\u00e9gende, parmi lesquels\u00a0: DAURAT, GUILLAUMET, MERMOZ, SAINT EXUP\u00c9RY\u2026 sans oublier LAT\u00c9CO\u00c8RE, capitaine d\u2019industrie, cr\u00e9ateur entre autre de la ligne Toulouse \/ Casablanca, en 1919.<\/span><\/p>\n<p style=\"text-align: justify\"><span style=\"font-size: x-large\">\u00a0Vraiment une lecture tr\u00e8s nourrissante et inspirante\u2026 J\u2019ai r\u00eav\u00e9 pendant quelques heures, et navigu\u00e9 avec eux, tous ces pilotes, anciens et nouveaux\u00a0! \u00a0Cela m\u2019a compl\u00e8tement r\u00e9joui et ancr\u00e9 dans le ph\u00e9nom\u00e8ne du vivre, qui, sur ses plus hautes couches humaines, se fabrique comme r\u00eave et devient r\u00e9alit\u00e9, ou qui, ench\u00e2ss\u00e9 dans le r\u00e9el lui-m\u00eame, part \u00e0 la conqu\u00eate du r\u00eave. C\u2019est cela \u00ab\u00a0l\u2019homme\u00a0\u00bb, celui qui avance, qui va, qui croit, qui esp\u00e8re et\u2026 vit de vivre\u00a0!<\/span><\/p>\n<p style=\"text-align: justify\"><span style=\"font-size: x-large\">Merci, Martine\u00a0!<\/span><\/p>\n","protected":false},"excerpt":{"rendered":"<p>30e Rallye a\u00e9rien Voici un livre \u2013 j\u2019ai oubli\u00e9 de le dire, mais on n\u2019a pas toujours l\u2019entrain pour \u00ab\u00a0blogger\u00a0\u00bb \u2013 qui m\u2019a enchant\u00e9, en d\u00e9cembre, lorsque je le d\u00e9couvris\u00a0: Miroir de l\u2019histoire de cette \u00e9pop\u00e9e victorieuse, belle, aventureuse, \u00e0 &hellip; <a class=\"more-link\" href=\"http:\/\/www.lettropolis.fr\/Blog\/2014\/02\/21\/30e-rallye-aerien-toulouse-saint-louis-du-senegal\/\">Suite <span class=\"meta-nav\">&rarr;<\/span><\/a><\/p>\n","protected":false},"author":10,"featured_media":0,"comment_status":"open","ping_status":"open","sticky":false,"template":"","format":"standard","meta":{"_s2mail":"yes","_jetpack_memberships_contains_paid_content":false,"footnotes":""},"categories":[20,22],"tags":[56,161,162,55],"class_list":["post-2788","post","type-post","status-publish","format-standard","hentry","category-r1","category-r12","tag-air-aventures","tag-avion","tag-latecoere","tag-rallye-aerien"],"yoast_head":"<!-- This site is optimized with the Yoast SEO plugin v26.6 - https:\/\/yoast.com\/wordpress\/plugins\/seo\/ -->\n<title>30e RALLYE A\u00c9RIEN. TOULOUSE \/ SAINT-LOUIS-DU-S\u00c9N\u00c9GAL - Lettropolis<\/title>\n<meta name=\"description\" content=\"Une critique avis\u00e9e du rallye Saint-Louis du S\u00e9n\u00e9gal. Les pionniers de l&#039;aviation.\" \/>\n<meta name=\"robots\" content=\"index, follow, max-snippet:-1, max-image-preview:large, max-video-preview:-1\" \/>\n<link rel=\"canonical\" href=\"http:\/\/www.lettropolis.fr\/Blog\/2014\/02\/21\/30e-rallye-aerien-toulouse-saint-louis-du-senegal\/\" \/>\n<meta property=\"og:locale\" content=\"fr_FR\" \/>\n<meta property=\"og:type\" content=\"article\" \/>\n<meta property=\"og:title\" content=\"30e RALLYE A\u00c9RIEN. TOULOUSE \/ SAINT-LOUIS-DU-S\u00c9N\u00c9GAL - Lettropolis\" \/>\n<meta property=\"og:description\" content=\"Une critique avis\u00e9e du rallye Saint-Louis du S\u00e9n\u00e9gal. Les pionniers de l&#039;aviation.\" \/>\n<meta property=\"og:url\" content=\"http:\/\/www.lettropolis.fr\/Blog\/2014\/02\/21\/30e-rallye-aerien-toulouse-saint-louis-du-senegal\/\" \/>\n<meta property=\"og:site_name\" content=\"Lettropolis\" \/>\n<meta property=\"article:published_time\" content=\"2014-02-21T18:48:06+00:00\" \/>\n<meta property=\"article:modified_time\" content=\"2014-02-22T14:46:11+00:00\" \/>\n<meta property=\"og:image\" content=\"http:\/\/www.lettropolis.fr\/Blog\/wp-content\/uploads\/2013\/09\/Couverture.jpg\" \/>\n<meta name=\"author\" content=\"TR\u00c9VISE\" \/>\n<meta name=\"twitter:label1\" content=\"\u00c9crit par\" \/>\n\t<meta name=\"twitter:data1\" content=\"TR\u00c9VISE\" \/>\n\t<meta name=\"twitter:label2\" content=\"Dur\u00e9e de lecture estim\u00e9e\" \/>\n\t<meta name=\"twitter:data2\" content=\"2 minutes\" \/>\n<script type=\"application\/ld+json\" class=\"yoast-schema-graph\">{\"@context\":\"https:\/\/schema.org\",\"@graph\":[{\"@type\":\"WebPage\",\"@id\":\"http:\/\/www.lettropolis.fr\/Blog\/2014\/02\/21\/30e-rallye-aerien-toulouse-saint-louis-du-senegal\/\",\"url\":\"http:\/\/www.lettropolis.fr\/Blog\/2014\/02\/21\/30e-rallye-aerien-toulouse-saint-louis-du-senegal\/\",\"name\":\"30e RALLYE A\u00c9RIEN. TOULOUSE \/ SAINT-LOUIS-DU-S\u00c9N\u00c9GAL - Lettropolis\",\"isPartOf\":{\"@id\":\"http:\/\/www.lettropolis.fr\/Blog\/#website\"},\"primaryImageOfPage\":{\"@id\":\"http:\/\/www.lettropolis.fr\/Blog\/2014\/02\/21\/30e-rallye-aerien-toulouse-saint-louis-du-senegal\/#primaryimage\"},\"image\":{\"@id\":\"http:\/\/www.lettropolis.fr\/Blog\/2014\/02\/21\/30e-rallye-aerien-toulouse-saint-louis-du-senegal\/#primaryimage\"},\"thumbnailUrl\":\"http:\/\/www.lettropolis.fr\/Blog\/wp-content\/uploads\/2013\/09\/Couverture.jpg\",\"datePublished\":\"2014-02-21T18:48:06+00:00\",\"dateModified\":\"2014-02-22T14:46:11+00:00\",\"author\":{\"@id\":\"http:\/\/www.lettropolis.fr\/Blog\/#\/schema\/person\/009ecb6d9bdf03ba87d4ffef8eebef28\"},\"description\":\"Une critique avis\u00e9e du rallye Saint-Louis du S\u00e9n\u00e9gal. Les pionniers de l'aviation.\",\"breadcrumb\":{\"@id\":\"http:\/\/www.lettropolis.fr\/Blog\/2014\/02\/21\/30e-rallye-aerien-toulouse-saint-louis-du-senegal\/#breadcrumb\"},\"inLanguage\":\"fr-FR\",\"potentialAction\":[{\"@type\":\"ReadAction\",\"target\":[\"http:\/\/www.lettropolis.fr\/Blog\/2014\/02\/21\/30e-rallye-aerien-toulouse-saint-louis-du-senegal\/\"]}]},{\"@type\":\"ImageObject\",\"inLanguage\":\"fr-FR\",\"@id\":\"http:\/\/www.lettropolis.fr\/Blog\/2014\/02\/21\/30e-rallye-aerien-toulouse-saint-louis-du-senegal\/#primaryimage\",\"url\":\"http:\/\/www.lettropolis.fr\/Blog\/wp-content\/uploads\/2013\/09\/Couverture.jpg\",\"contentUrl\":\"http:\/\/www.lettropolis.fr\/Blog\/wp-content\/uploads\/2013\/09\/Couverture.jpg\",\"width\":642,\"height\":972,\"caption\":\"30e Rallye a\u00e9rien\"},{\"@type\":\"BreadcrumbList\",\"@id\":\"http:\/\/www.lettropolis.fr\/Blog\/2014\/02\/21\/30e-rallye-aerien-toulouse-saint-louis-du-senegal\/#breadcrumb\",\"itemListElement\":[{\"@type\":\"ListItem\",\"position\":1,\"name\":\"Accueil\",\"item\":\"http:\/\/www.lettropolis.fr\/Blog\/\"},{\"@type\":\"ListItem\",\"position\":2,\"name\":\"30e RALLYE A\u00c9RIEN. TOULOUSE \/ SAINT-LOUIS-DU-S\u00c9N\u00c9GAL\"}]},{\"@type\":\"WebSite\",\"@id\":\"http:\/\/www.lettropolis.fr\/Blog\/#website\",\"url\":\"http:\/\/www.lettropolis.fr\/Blog\/\",\"name\":\"Lettropolis\",\"description\":\"La promotion globale de l&#039;internet litt\u00e9raire\",\"potentialAction\":[{\"@type\":\"SearchAction\",\"target\":{\"@type\":\"EntryPoint\",\"urlTemplate\":\"http:\/\/www.lettropolis.fr\/Blog\/?s={search_term_string}\"},\"query-input\":{\"@type\":\"PropertyValueSpecification\",\"valueRequired\":true,\"valueName\":\"search_term_string\"}}],\"inLanguage\":\"fr-FR\"},{\"@type\":\"Person\",\"@id\":\"http:\/\/www.lettropolis.fr\/Blog\/#\/schema\/person\/009ecb6d9bdf03ba87d4ffef8eebef28\",\"name\":\"TR\u00c9VISE\",\"image\":{\"@type\":\"ImageObject\",\"inLanguage\":\"fr-FR\",\"@id\":\"http:\/\/www.lettropolis.fr\/Blog\/#\/schema\/person\/image\/\",\"url\":\"https:\/\/secure.gravatar.com\/avatar\/e99281eced1ee7cdb867e11aa93663fb4e764d247de0b940fba0dabc126d690b?s=96&d=mm&r=g\",\"contentUrl\":\"https:\/\/secure.gravatar.com\/avatar\/e99281eced1ee7cdb867e11aa93663fb4e764d247de0b940fba0dabc126d690b?s=96&d=mm&r=g\",\"caption\":\"TR\u00c9VISE\"},\"url\":\"http:\/\/www.lettropolis.fr\/Blog\/author\/trevise\/\"}]}<\/script>\n<!-- \/ Yoast SEO plugin. -->","yoast_head_json":{"title":"30e RALLYE A\u00c9RIEN. TOULOUSE \/ SAINT-LOUIS-DU-S\u00c9N\u00c9GAL - Lettropolis","description":"Une critique avis\u00e9e du rallye Saint-Louis du S\u00e9n\u00e9gal. Les pionniers de l'aviation.","robots":{"index":"index","follow":"follow","max-snippet":"max-snippet:-1","max-image-preview":"max-image-preview:large","max-video-preview":"max-video-preview:-1"},"canonical":"http:\/\/www.lettropolis.fr\/Blog\/2014\/02\/21\/30e-rallye-aerien-toulouse-saint-louis-du-senegal\/","og_locale":"fr_FR","og_type":"article","og_title":"30e RALLYE A\u00c9RIEN. TOULOUSE \/ SAINT-LOUIS-DU-S\u00c9N\u00c9GAL - Lettropolis","og_description":"Une critique avis\u00e9e du rallye Saint-Louis du S\u00e9n\u00e9gal. Les pionniers de l'aviation.","og_url":"http:\/\/www.lettropolis.fr\/Blog\/2014\/02\/21\/30e-rallye-aerien-toulouse-saint-louis-du-senegal\/","og_site_name":"Lettropolis","article_published_time":"2014-02-21T18:48:06+00:00","article_modified_time":"2014-02-22T14:46:11+00:00","og_image":[{"url":"http:\/\/www.lettropolis.fr\/Blog\/wp-content\/uploads\/2013\/09\/Couverture.jpg","type":"","width":"","height":""}],"author":"TR\u00c9VISE","twitter_misc":{"\u00c9crit par":"TR\u00c9VISE","Dur\u00e9e de lecture estim\u00e9e":"2 minutes"},"schema":{"@context":"https:\/\/schema.org","@graph":[{"@type":"WebPage","@id":"http:\/\/www.lettropolis.fr\/Blog\/2014\/02\/21\/30e-rallye-aerien-toulouse-saint-louis-du-senegal\/","url":"http:\/\/www.lettropolis.fr\/Blog\/2014\/02\/21\/30e-rallye-aerien-toulouse-saint-louis-du-senegal\/","name":"30e RALLYE A\u00c9RIEN. TOULOUSE \/ SAINT-LOUIS-DU-S\u00c9N\u00c9GAL - Lettropolis","isPartOf":{"@id":"http:\/\/www.lettropolis.fr\/Blog\/#website"},"primaryImageOfPage":{"@id":"http:\/\/www.lettropolis.fr\/Blog\/2014\/02\/21\/30e-rallye-aerien-toulouse-saint-louis-du-senegal\/#primaryimage"},"image":{"@id":"http:\/\/www.lettropolis.fr\/Blog\/2014\/02\/21\/30e-rallye-aerien-toulouse-saint-louis-du-senegal\/#primaryimage"},"thumbnailUrl":"http:\/\/www.lettropolis.fr\/Blog\/wp-content\/uploads\/2013\/09\/Couverture.jpg","datePublished":"2014-02-21T18:48:06+00:00","dateModified":"2014-02-22T14:46:11+00:00","author":{"@id":"http:\/\/www.lettropolis.fr\/Blog\/#\/schema\/person\/009ecb6d9bdf03ba87d4ffef8eebef28"},"description":"Une critique avis\u00e9e du rallye Saint-Louis du S\u00e9n\u00e9gal. Les pionniers de l'aviation.","breadcrumb":{"@id":"http:\/\/www.lettropolis.fr\/Blog\/2014\/02\/21\/30e-rallye-aerien-toulouse-saint-louis-du-senegal\/#breadcrumb"},"inLanguage":"fr-FR","potentialAction":[{"@type":"ReadAction","target":["http:\/\/www.lettropolis.fr\/Blog\/2014\/02\/21\/30e-rallye-aerien-toulouse-saint-louis-du-senegal\/"]}]},{"@type":"ImageObject","inLanguage":"fr-FR","@id":"http:\/\/www.lettropolis.fr\/Blog\/2014\/02\/21\/30e-rallye-aerien-toulouse-saint-louis-du-senegal\/#primaryimage","url":"http:\/\/www.lettropolis.fr\/Blog\/wp-content\/uploads\/2013\/09\/Couverture.jpg","contentUrl":"http:\/\/www.lettropolis.fr\/Blog\/wp-content\/uploads\/2013\/09\/Couverture.jpg","width":642,"height":972,"caption":"30e Rallye a\u00e9rien"},{"@type":"BreadcrumbList","@id":"http:\/\/www.lettropolis.fr\/Blog\/2014\/02\/21\/30e-rallye-aerien-toulouse-saint-louis-du-senegal\/#breadcrumb","itemListElement":[{"@type":"ListItem","position":1,"name":"Accueil","item":"http:\/\/www.lettropolis.fr\/Blog\/"},{"@type":"ListItem","position":2,"name":"30e RALLYE A\u00c9RIEN. TOULOUSE \/ SAINT-LOUIS-DU-S\u00c9N\u00c9GAL"}]},{"@type":"WebSite","@id":"http:\/\/www.lettropolis.fr\/Blog\/#website","url":"http:\/\/www.lettropolis.fr\/Blog\/","name":"Lettropolis","description":"La promotion globale de l&#039;internet litt\u00e9raire","potentialAction":[{"@type":"SearchAction","target":{"@type":"EntryPoint","urlTemplate":"http:\/\/www.lettropolis.fr\/Blog\/?s={search_term_string}"},"query-input":{"@type":"PropertyValueSpecification","valueRequired":true,"valueName":"search_term_string"}}],"inLanguage":"fr-FR"},{"@type":"Person","@id":"http:\/\/www.lettropolis.fr\/Blog\/#\/schema\/person\/009ecb6d9bdf03ba87d4ffef8eebef28","name":"TR\u00c9VISE","image":{"@type":"ImageObject","inLanguage":"fr-FR","@id":"http:\/\/www.lettropolis.fr\/Blog\/#\/schema\/person\/image\/","url":"https:\/\/secure.gravatar.com\/avatar\/e99281eced1ee7cdb867e11aa93663fb4e764d247de0b940fba0dabc126d690b?s=96&d=mm&r=g","contentUrl":"https:\/\/secure.gravatar.com\/avatar\/e99281eced1ee7cdb867e11aa93663fb4e764d247de0b940fba0dabc126d690b?s=96&d=mm&r=g","caption":"TR\u00c9VISE"},"url":"http:\/\/www.lettropolis.fr\/Blog\/author\/trevise\/"}]}},"jetpack_featured_media_url":"","jetpack_sharing_enabled":true,"_links":{"self":[{"href":"http:\/\/www.lettropolis.fr\/Blog\/wp-json\/wp\/v2\/posts\/2788","targetHints":{"allow":["GET"]}}],"collection":[{"href":"http:\/\/www.lettropolis.fr\/Blog\/wp-json\/wp\/v2\/posts"}],"about":[{"href":"http:\/\/www.lettropolis.fr\/Blog\/wp-json\/wp\/v2\/types\/post"}],"author":[{"embeddable":true,"href":"http:\/\/www.lettropolis.fr\/Blog\/wp-json\/wp\/v2\/users\/10"}],"replies":[{"embeddable":true,"href":"http:\/\/www.lettropolis.fr\/Blog\/wp-json\/wp\/v2\/comments?post=2788"}],"version-history":[{"count":6,"href":"http:\/\/www.lettropolis.fr\/Blog\/wp-json\/wp\/v2\/posts\/2788\/revisions"}],"predecessor-version":[{"id":2799,"href":"http:\/\/www.lettropolis.fr\/Blog\/wp-json\/wp\/v2\/posts\/2788\/revisions\/2799"}],"wp:attachment":[{"href":"http:\/\/www.lettropolis.fr\/Blog\/wp-json\/wp\/v2\/media?parent=2788"}],"wp:term":[{"taxonomy":"category","embeddable":true,"href":"http:\/\/www.lettropolis.fr\/Blog\/wp-json\/wp\/v2\/categories?post=2788"},{"taxonomy":"post_tag","embeddable":true,"href":"http:\/\/www.lettropolis.fr\/Blog\/wp-json\/wp\/v2\/tags?post=2788"}],"curies":[{"name":"wp","href":"https:\/\/api.w.org\/{rel}","templated":true}]}}